{"id":919,"date":"2021-11-20T20:58:40","date_gmt":"2021-11-20T20:58:40","guid":{"rendered":"https:\/\/naturalcare.de\/de\/?p=919"},"modified":"2021-11-20T21:05:54","modified_gmt":"2021-11-20T21:05:54","slug":"herbstzeit-immunsystem-staerken-teil-2","status":"publish","type":"post","link":"https:\/\/naturalcare.de\/de\/herbstzeit-immunsystem-staerken-teil-2\/","title":{"rendered":"Herbstzeit &#8211; Immunsystem st\u00e4rken Teil 2"},"content":{"rendered":"\n\n\n\n\n\n[et_pb_section fb_built=&#8220;1&#8243; _builder_version=&#8220;4.5.1&#8243; _module_preset=&#8220;default&#8220; global_colors_info=&#8220;{}&#8220; theme_builder_area=&#8220;post_content&#8220;][et_pb_row _builder_version=&#8220;4.5.1&#8243; _module_preset=&#8220;default&#8220; global_colors_info=&#8220;{}&#8220; theme_builder_area=&#8220;post_content&#8220;][et_pb_column type=&#8220;4_4&#8243; _builder_version=&#8220;4.5.1&#8243; _module_preset=&#8220;default&#8220; global_colors_info=&#8220;{}&#8220; theme_builder_area=&#8220;post_content&#8220;][et_pb_post_title featured_image=&#8220;off&#8220; meta_last_edited=&#8220;off|desktop&#8220; _builder_version=&#8220;4.13.0&#8243; _module_preset=&#8220;default&#8220; global_colors_info=&#8220;{}&#8220; meta__hover_enabled=&#8220;off|desktop&#8220; theme_builder_area=&#8220;post_content&#8220;][\/et_pb_post_title][et_pb_image src=&#8220;https:\/\/naturalcare.de\/de\/wp-content\/uploads\/sites\/2\/2021\/11\/aaron-burden-5AiWn2U10cw-unsplash-2-2.jpg&#8220; alt=&#8220;snowflake&#8220; title_text=&#8220;snowflake&#8220; align=&#8220;center&#8220; _builder_version=&#8220;4.13.0&#8243; _module_preset=&#8220;default&#8220; width=&#8220;60%&#8220; hover_enabled=&#8220;0&#8243; global_colors_info=&#8220;{}&#8220; theme_builder_area=&#8220;post_content&#8220; sticky_enabled=&#8220;0&#8243;][\/et_pb_image][et_pb_text _builder_version=&#8220;4.13.0&#8243; _module_preset=&#8220;default&#8220; global_colors_info=&#8220;{}&#8220; theme_builder_area=&#8220;post_content&#8220;]<p>Nachdem ich in Teil 1 von den Basics gesprochen habe, die f\u00fcr die St\u00e4rkung unseres Immunsystems n\u00fctzlich sein k\u00f6nnen, m\u00f6chte ich im zweiten Teil auf zus\u00e4tzliche Unterst\u00fctzung f\u00fcr unser Immunsystem eingehen. <br \/>Dazu vorweg ein wichtiger Hinweis in eigener Sache: alle Erfahrungen, die ich hier weitergebe, ersetzen nicht die Konsultation eines Arztes und sind nicht als Empfehlung zur Nachahmung gedacht, wenn nicht durch einen Arzt gekl\u00e4rt wird, ob es medizinische Kontraindikationen gibt. Ich erz\u00e4hle euch hier lediglich von meinen Erfahrungen. Die m\u00fcssen nicht f\u00fcr euch gelten.<br \/>Bitte handelt immer in voller Verantwortung f\u00fcr euch selbst und euren K\u00f6rper.<br \/>Neben den bereits erw\u00e4hnten Methoden im ersten Teil, gibt es einige Mittel, die mir helfen, gut durch den Winter zu kommen:<\/p>\n<p>Im Winter gehe ich gerne in die <strong>Sauna<\/strong>, um den K\u00f6rper durch das Schwitzen auch zu reinigen und um mein Immunsystem zu st\u00e4rken. Am liebsten bin ich in einer <strong>Infrarotkabine<\/strong>. In der Infrarotkabine muss der K\u00f6rper von innen heraus schwitzen, anders als bei einer Sauna. Das hat zur Folge, dass Schadstoffe besser abtransportiert werden k\u00f6nnen und die Haut porentief gereinigt wird. Hinzu kommt, dass die Temperatur niedriger ist als in der normalen Sauna.<\/p>\n<p>Ich trinke gerne <strong>Cistustee<\/strong>, wenn ich das Gef\u00fchl habe, es bahnt sich eine Erk\u00e4ltung an. Die Zistrose, aus deren Bl\u00e4ttern der Tee gewonnen wird, wurde bereits im 4. Jahrhundert vor Christus als Heilmittel benutzt. Sie w\u00e4chst im Mittelmeerraum. Die Heilwirkung dieser Pflanze ist beeindruckend. Durch ihren hohen Anteil an Antioxidantien (mehr als im Gr\u00fcntee) und Polyphenolen sch\u00fctzt sie unsere Zellen, wirkt antibakteriell und hilft u.a. bei Durchfall, Hautproblemen, Erk\u00e4ltungskrankheiten, und gegen Candida.<\/p>\n<p><strong>Vitamin D3<\/strong> geh\u00f6rt zu meinen Nahrungserg\u00e4nzungsmitteln, die ich regelm\u00e4\u00dfig nehme, gerade in der dunkleren Jahreszeit, wo wir hier oben im Norden in der Regel weniger Sonnenlicht abbekommen als im Sommer. Wie du vielleicht wei\u00dft, ist Vitamin D extrem wichtig f\u00fcr uns. Vitamin D ist mitverantwortlich f\u00fcr die Aufnahme von Calcium aus dem Darm ins Blut und den Calciumeinbau in die Knochen. Calcium wird nicht nur f\u00fcr die Knochen ben\u00f6tigt, sondern auch f\u00fcr andere Stoffwechselprozesse, f\u00fcr die Muskelbewegung oder auch f\u00fcr die Neutralisation von sch\u00e4dlichen S\u00e4uren. Bei einem Vitamin D Mangel wird zu wenig Calcium \u00fcber den Darm aufgenommen. In der Not nimmt der K\u00f6rper jetzt Calcium aus den Knochen heraus, um die notwendigen Aufgaben zu erf\u00fcllen. Calciummangel kann dann zu Osteoporose f\u00fchren.<\/p>\n<p><strong>Quercitin<\/strong> &#8211; Quercetin ist ein Naturstoff, der \u00fcberwiegend in Gem\u00fcsesorten wie roten Zwiebeln, Kapern und rotbl\u00e4ttrigem Chicor\u00e9e vorkommt. Quercitin enth\u00e4lt den Pflanzenstoff Bioflavonoid. Der menschliche K\u00f6rper kann Bioflavonoide nicht selbst produzieren, daher m\u00fcssen sie zugef\u00fchrt werden. <br \/>Quercetin werden positive Eigenschaften zugeschrieben. So soll es beispielsweise die Durchblutung anregen und antidepressiv wirken. Auch antiviral kann der Naturstoff zum Beispiel gegen den Herpes Virus Typ 1 n\u00fctzlich sein. Er kann beispielsweise den Blutdruck regulieren, das Immunsystem st\u00e4rken, den Cholesterinspiegel positiv beeinflussen.<br \/>Quercetin wirkt hemmend auf das f\u00fcr COVID-19 verantwortliche Virus SARS-CoV-2. <br \/>Grund daf\u00fcr ist die destabilisierende Wirkung, die dieser Pflanzenstoff (Bioflavonoid) <br \/>auf die f\u00fcr die Vermehrung des Virus verantwortliche Protease 3CLpro aus\u00fcbt. Zu <br \/>dem Schluss kommen italienische Forscher des zum Nationalen Forschungsrat CNR <br \/>geh\u00f6renden Istituto di Nanotecnologia. Schon vor dieser Entdeckung war der <br \/>Naturstoff f\u00fcr seine antioxidante, antiallergische, entz\u00fcndungshemmende und gegen <br \/>Tumore gerichtete Wirkung bekannt.<\/p>\n<p>Mit diesen Mitteln, die ich vermehrt in den Wintermonaten zu mir nehme und anwende, komme ich sehr gut durch diese Zeit und freue mich, gesund und fit in das neue Jahr zu starten. Das w\u00fcnsche ich euch auch!<\/p>\n<p>&nbsp;<\/p>\n<p>&nbsp;<\/p>[\/et_pb_text][et_pb_post_nav in_same_term=&#8220;on&#8220; _builder_version=&#8220;4.6.6&#8243; _module_preset=&#8220;default&#8220; title_font=&#8220;Poppins|||on|||||&#8220; title_text_color=&#8220;#bf4539&#8243; global_colors_info=&#8220;{}&#8220; theme_builder_area=&#8220;post_content&#8220;][\/et_pb_post_nav][\/et_pb_column][\/et_pb_row][\/et_pb_section]\n\n\n\n\n\n","protected":false},"excerpt":{"rendered":"<p>Nachdem ich in Teil 1 \u00fcber das Immunsystem von den Basics gesprochen habe, m\u00f6chte ich im zweiten Teil auf zus\u00e4tzliche Unterst\u00fctzung f\u00fcr unser Immunsystem eingehen. Konsultiert euren Arzt vorher. Bitte handelt immer in voller Verantwortung f\u00fcr euch selbst&#8230;<\/p>\n","protected":false},"author":3,"featured_media":920,"comment_status":"closed","ping_status":"closed","sticky":false,"template":"","format":"standard","meta":{"_et_pb_use_builder":"on","_et_pb_old_content":"","_et_gb_content_width":"2880","inline_featured_image":false},"categories":[2],"tags":[31,23,21,32,29,30],"_links":{"self":[{"href":"https:\/\/naturalcare.de\/de\/wp-json\/wp\/v2\/posts\/919"}],"collection":[{"href":"https:\/\/naturalcare.de\/de\/wp-json\/wp\/v2\/posts"}],"about":[{"href":"https:\/\/naturalcare.de\/de\/wp-json\/wp\/v2\/types\/post"}],"author":[{"embeddable":true,"href":"https:\/\/naturalcare.de\/de\/wp-json\/wp\/v2\/users\/3"}],"replies":[{"embeddable":true,"href":"https:\/\/naturalcare.de\/de\/wp-json\/wp\/v2\/comments?post=919"}],"version-history":[{"count":6,"href":"https:\/\/naturalcare.de\/de\/wp-json\/wp\/v2\/posts\/919\/revisions"}],"predecessor-version":[{"id":928,"href":"https:\/\/naturalcare.de\/de\/wp-json\/wp\/v2\/posts\/919\/revisions\/928"}],"wp:featuredmedia":[{"embeddable":true,"href":"https:\/\/naturalcare.de\/de\/wp-json\/wp\/v2\/media\/920"}],"wp:attachment":[{"href":"https:\/\/naturalcare.de\/de\/wp-json\/wp\/v2\/media?parent=919"}],"wp:term":[{"taxonomy":"category","embeddable":true,"href":"https:\/\/naturalcare.de\/de\/wp-json\/wp\/v2\/categories?post=919"},{"taxonomy":"post_tag","embeddable":true,"href":"https:\/\/naturalcare.de\/de\/wp-json\/wp\/v2\/tags?post=919"}],"curies":[{"name":"wp","href":"https:\/\/api.w.org\/{rel}","templated":true}]}}