{"id":326,"date":"2020-07-09T08:38:45","date_gmt":"2020-07-09T06:38:45","guid":{"rendered":"https:\/\/naturalcare-m.vincentwebdesign.de\/?p=326"},"modified":"2020-11-23T17:31:12","modified_gmt":"2020-11-23T17:31:12","slug":"resilience-und-new-mindset-13-16-mai-2021","status":"publish","type":"post","link":"https:\/\/naturalcare.de\/de\/resilience-und-new-mindset-13-16-mai-2021\/","title":{"rendered":"&#8222;Resilience und New Mindset&#8220; 13.- 16. Mai, 2021 (Nr.: 130521)"},"content":{"rendered":"<p>[et_pb_section fb_built=&#8220;1&#8243; fullwidth=&#8220;on&#8220; _builder_version=&#8220;4.4.8&#8243; background_enable_color=&#8220;off&#8220; background_enable_image=&#8220;off&#8220; hover_enabled=&#8220;0&#8243; locked=&#8220;off&#8220; sticky_enabled=&#8220;0&#8243;][et_pb_fullwidth_header _builder_version=&#8220;4.6.6&#8243; title_level=&#8220;h3&#8243; title_font=&#8220;Poppins|700|||||||&#8220; title_text_align=&#8220;left&#8220; title_font_size=&#8220;32px&#8220; title_line_height=&#8220;1.2em&#8220; content_font=&#8220;Poppins||||||||&#8220; content_text_align=&#8220;left&#8220; content_font_size=&#8220;18px&#8220; content_letter_spacing=&#8220;1px&#8220; content_line_height=&#8220;1.8em&#8220; subhead_font=&#8220;Poppins||on||||||&#8220; subhead_text_align=&#8220;right&#8220; background_color=&#8220;rgba(0,0,0,0)&#8220; background_image=&#8220;https:\/\/naturalcare.de\/de\/wp-content\/uploads\/sites\/2\/2020\/07\/Lake-Tekapo-panorama-rot-70.jpg&#8220; title_text_shadow_style=&#8220;preset1&#8243; title_text_shadow_vertical_length=&#8220;0.13em&#8220; title_text_shadow_color=&#8220;rgba(0,0,0,0.24)&#8220;]<\/p>\n<p>Bedingt durch COVID-19 und die damit verbundenen Einschr\u00e4nkungen, k\u00f6nnen sich einige Termine eventuell verschieben auf ein sp\u00e4teres Datum. Ich bitte um Ihr Verst\u00e4ndnis f\u00fcr irgendwelche Unannehmlichkeiten bedingt durch die augenblicklichen Umst\u00e4nde. Ihre Gesundheit ist mir wichtig!<\/p>\n<p>[\/et_pb_fullwidth_header][\/et_pb_section][et_pb_section fb_built=&#8220;1&#8243; _builder_version=&#8220;4.4.7&#8243; custom_padding=&#8220;||2px|||&#8220;][et_pb_row _builder_version=&#8220;4.4.9&#8243;][et_pb_column type=&#8220;4_4&#8243; _builder_version=&#8220;4.4.9&#8243;][et_pb_post_title author=&#8220;off&#8220; date=&#8220;off&#8220; categories=&#8220;off&#8220; comments=&#8220;off&#8220; _builder_version=&#8220;4.4.9&#8243; title_font=&#8220;Poppins|700|||||||&#8220; title_text_color=&#8220;#595651&#8243; title_line_height=&#8220;1.8em&#8220;][\/et_pb_post_title][et_pb_text ul_type=&#8220;square&#8220; _builder_version=&#8220;4.4.9&#8243; text_font=&#8220;Poppins||||||||&#8220; text_text_color=&#8220;#707070&#8243; text_font_size=&#8220;16px&#8220; text_line_height=&#8220;1.8em&#8220; ul_font=&#8220;Poppins||||||||&#8220; ul_font_size=&#8220;16px&#8220; ul_line_height=&#8220;1.8em&#8220; custom_margin=&#8220;||50px|||&#8220;]<\/p>\n<p>Ist Ihr Stresspegel in den letzten Jahren kontinuierlich gestiegen? Zeigen sich schon erste k\u00f6rperliche Symptome wie Bluthochdruck, Kopfschmerzen, Schlafprobleme, R\u00fcckenschmerzen oder Depressionen?<\/p>\n<p>Welche Glaubenss\u00e4tze der Kindheit pr\u00e4gen Sie auch heute noch als Erwachsener? Wenn Sie wissen m\u00f6chten, wie Sie Stress reduzieren, Ihre innere Widerstandskraft st\u00e4rken k\u00f6nnen und Ihr Selbstwert verbessern k\u00f6nnen, um die innere Heilung zu finden, dann ist dieses Seminar perfekt f\u00fcr Sie. Dieses kleine und exklusive Seminar hat eine maximale Teilnehmerzahl von 6 Personen und beinhaltet folgende Themen:<\/p>\n<ul>\n<li><span style=\"color: #bf4539;\"><strong>Stress:<\/strong><\/span> Was ist Stress, wie und wo entsteht er, welche Folgen hat Stress f\u00fcr den K\u00f6rper<\/li>\n<li><span style=\"color: #bf4539;\"><strong><span style=\"text-decoration: underline;\">HeartMath\u00ae<\/span><\/strong><\/span> Techniken um Stress zu reduzieren und innere Widerstandskraft = Resilienz zu st\u00e4rken<\/li>\n<li><strong><span style=\"text-decoration: underline;\"><span style=\"color: #bf4539; text-decoration: underline;\">Selbstwert:<\/span><\/span><\/strong> Welche Glaubenss\u00e4tze der Kindheit begleiten Sie noch heute? Wie sehr lieben Sie sich selbst? Sie sind einzigartig und besonders. Raus aus der Opferrolle und hinein in die Eigenverantwortung.<\/li>\n<li><span style=\"text-decoration: underline; color: #bf4539;\"><strong>New Mindset:<\/strong><\/span> positive Gedanken und Emotionen leben<\/li>\n<\/ul>\n<p><strong><span style=\"text-decoration: underline; color: #bf4539;\">Ort: <\/span>Travem\u00fcnde an der Ostsee<\/strong><\/p>\n<p>Dieses Seminar wird in einem Ferienhaus mit Gartennutzung stattfinden in dem kleinen ehemaligen Fischerdorf Travem\u00fcnde, dessen Ursprung bis zum 12. Jahrhundert reicht. Bei diesem Seminar ist eine eigene Unterbringung erforderlich.\u00a0 Mit der Best\u00e4tigung gibt es auch eine Liste empfohlener Hotels und Pensionen in der N\u00e4he.<\/p>\n<p><strong><span style=\"text-decoration: underline;\"><span style=\"color: #bf4539; text-decoration: underline;\">Kosten:<\/span><\/span><\/strong> Das 3 t\u00e4gige Seminar kostet pro Person \u20ac 400,00. Das 4 t\u00e4gige Seminar kostet pro Person \u20ac 544,00. Der Preis beinhaltet die Seminargeb\u00fchr, Unterlagen, ein Mittagessen, Snacks und Getr\u00e4nke.<\/p>\n<p>[\/et_pb_text][\/et_pb_column][\/et_pb_row][\/et_pb_section]<\/p>\n","protected":false},"excerpt":{"rendered":"<p>Ist Ihr Stresspegel in den letzten Jahren kontinuierlich gestiegen? Zeigen sich schon erste k\u00f6rperliche Symptome wie Bluthochdruck, Kopfschmerzen, Schlafprobleme, R\u00fcckenschmerzen oder Depressionen?<\/p>\n","protected":false},"author":1,"featured_media":0,"comment_status":"closed","ping_status":"closed","sticky":false,"template":"","format":"standard","meta":{"_et_pb_use_builder":"on","_et_pb_old_content":"","_et_gb_content_width":"2880","inline_featured_image":false},"categories":[3,5],"tags":[],"_links":{"self":[{"href":"https:\/\/naturalcare.de\/de\/wp-json\/wp\/v2\/posts\/326"}],"collection":[{"href":"https:\/\/naturalcare.de\/de\/wp-json\/wp\/v2\/posts"}],"about":[{"href":"https:\/\/naturalcare.de\/de\/wp-json\/wp\/v2\/types\/post"}],"author":[{"embeddable":true,"href":"https:\/\/naturalcare.de\/de\/wp-json\/wp\/v2\/users\/1"}],"replies":[{"embeddable":true,"href":"https:\/\/naturalcare.de\/de\/wp-json\/wp\/v2\/comments?post=326"}],"version-history":[{"count":11,"href":"https:\/\/naturalcare.de\/de\/wp-json\/wp\/v2\/posts\/326\/revisions"}],"predecessor-version":[{"id":869,"href":"https:\/\/naturalcare.de\/de\/wp-json\/wp\/v2\/posts\/326\/revisions\/869"}],"wp:attachment":[{"href":"https:\/\/naturalcare.de\/de\/wp-json\/wp\/v2\/media?parent=326"}],"wp:term":[{"taxonomy":"category","embeddable":true,"href":"https:\/\/naturalcare.de\/de\/wp-json\/wp\/v2\/categories?post=326"},{"taxonomy":"post_tag","embeddable":true,"href":"https:\/\/naturalcare.de\/de\/wp-json\/wp\/v2\/tags?post=326"}],"curies":[{"name":"wp","href":"https:\/\/api.w.org\/{rel}","templated":true}]}}