{"id":1033,"date":"2022-05-28T10:08:04","date_gmt":"2022-05-28T10:08:04","guid":{"rendered":"https:\/\/naturalcare.de\/de\/?p=1033"},"modified":"2024-06-16T18:33:39","modified_gmt":"2024-06-16T18:33:39","slug":"herzschmerz-und-scherbenhaufen-war-gestern","status":"publish","type":"post","link":"https:\/\/naturalcare.de\/de\/herzschmerz-und-scherbenhaufen-war-gestern\/","title":{"rendered":"Herzschmerz und Scherbenhaufen war gestern!"},"content":{"rendered":"<p>[et_pb_section fb_built=&#8220;1&#8243; fullwidth=&#8220;on&#8220; _builder_version=&#8220;4.16&#8243; background_enable_color=&#8220;off&#8220; background_enable_image=&#8220;off&#8220; locked=&#8220;off&#8220; global_colors_info=&#8220;{}&#8220;][et_pb_fullwidth_header _builder_version=&#8220;4.16&#8243; title_level=&#8220;h3&#8243; title_font=&#8220;Poppins|700|||||||&#8220; title_text_align=&#8220;left&#8220; title_font_size=&#8220;32px&#8220; title_line_height=&#8220;1.2em&#8220; content_font=&#8220;Poppins||||||||&#8220; content_text_align=&#8220;left&#8220; content_font_size=&#8220;18px&#8220; content_letter_spacing=&#8220;1px&#8220; content_line_height=&#8220;1.8em&#8220; subhead_font=&#8220;Poppins||on||||||&#8220; subhead_text_align=&#8220;right&#8220; background_color=&#8220;rgba(0,0,0,0)&#8220; background_image=&#8220;https:\/\/naturalcare.de\/de\/wp-content\/uploads\/sites\/2\/2020\/07\/Lake-Tekapo-panorama-rot-70.jpg&#8220; title_text_shadow_style=&#8220;preset1&#8243; title_text_shadow_vertical_length=&#8220;0.13em&#8220; title_text_shadow_color=&#8220;rgba(0,0,0,0.24)&#8220; global_colors_info=&#8220;{}&#8220;]<\/p>\n<p>Bedingt durch COVID-19 und die damit verbundenen Einschr\u00e4nkungen, k\u00f6nnen sich einige Termine eventuell verschieben auf ein sp\u00e4teres Datum. Ich bitte um Ihr Verst\u00e4ndnis f\u00fcr irgendwelche Unannehmlichkeiten bedingt durch die augenblicklichen Umst\u00e4nde. Ihre Gesundheit ist mir wichtig!<\/p>\n<p>[\/et_pb_fullwidth_header][\/et_pb_section][et_pb_section fb_built=&#8220;1&#8243; _builder_version=&#8220;4.16&#8243; _module_preset=&#8220;default&#8220; global_colors_info=&#8220;{}&#8220;][et_pb_row _builder_version=&#8220;4.16&#8243; _module_preset=&#8220;default&#8220; global_colors_info=&#8220;{}&#8220;][et_pb_column type=&#8220;4_4&#8243; _builder_version=&#8220;4.16&#8243; _module_preset=&#8220;default&#8220; global_colors_info=&#8220;{}&#8220;][et_pb_post_title comments=&#8220;off&#8220; featured_image=&#8220;off&#8220; _builder_version=&#8220;4.21.0&#8243; title_font=&#8220;Poppins|700|||||||&#8220; title_text_color=&#8220;#595651&#8243; title_line_height=&#8220;1.8em&#8220; hover_enabled=&#8220;0&#8243; locked=&#8220;off&#8220; global_colors_info=&#8220;{}&#8220; sticky_enabled=&#8220;0&#8243;][\/et_pb_post_title][et_pb_text _builder_version=&#8220;4.16&#8243; _module_preset=&#8220;default&#8220; text_font=&#8220;Poppins||||||||&#8220; text_font_size=&#8220;16px&#8220; text_line_height=&#8220;1.6em&#8220; global_colors_info=&#8220;{}&#8220;]<\/p>\n<div class=\"et_pb_module et_pb_text et_pb_text_0 et_pb_text_align_left et_pb_bg_layout_light\">\n<div class=\"et_pb_text_inner\">\n<p><span>Mein heutiger Aufruf richtet sich an alle Frauen, die nach einer Trennung oder einem Verlust das Gef\u00fchl haben, ihre Welt bricht gerade auseinander.<\/span><br \/><span>Mein Aufruf richtet sich auch an diejenigen Frauen, die sich arrangiert haben in einer Beziehung, in der sie nicht mehr gl\u00fccklich sind, sich trennen m\u00f6chten, sich jedoch nicht trauen \u2013 aus Angst vor den Konsequenzen finanziell, gesellschaftlich oder emotional.<\/span><br \/><span>Last but not least richtet sich mein Aufruf an alle Frauen, die in alten Glaubensmustern festh\u00e4ngen, die mehr f\u00fcr ihr Selbstwert tun m\u00f6chten, und die ihre innere K\u00f6nigin zum Leben erwecken m\u00f6chten!<\/span><br \/><span>Genau f\u00fcr diese Frauen habe ich ein Retreat entwickelt, wo du dein Gesicht wieder der Sonne zuwenden kannst und die Schatten hinter dir l\u00e4sst, die K\u00f6nigin in dir entdeckst und gest\u00e4rkt aus deiner Krise hervorgehen kannst\u2026<\/span><\/p>\n<\/div>\n<\/div>\n<div class=\"et_pb_module et_pb_text et_pb_text_1 et_pb_text_align_left et_pb_bg_layout_light\">\n<div class=\"et_pb_text_inner\">\n<p>In diesem Retreat lernst du, den Blick nach innen zu richten, mit deinem inneren Kind in Verbindung zu kommen, in die Eigenverantwortung zu gehen, Angst in Selbstvertrauen und Zuversicht zu wandeln und alte Glaubenss\u00e4tze und -muster in neue zu transformieren. Es ist der Beginn einer neuen Reise zu dir.<\/p>\n<p>&nbsp;<\/p>\n<\/div>\n<\/div>\n<div class=\"et_pb_module et_pb_text et_pb_text_2 et_pb_text_align_left et_pb_bg_layout_light\">\n<div class=\"et_pb_text_inner\">\n<h2>Termine: <strong>15.08. &#8211; 18.08.2024 und auch 24.10 &#8211; 27.102024<\/strong><\/h2>\n<h2>Inhalte des Retreats<span>\u00a0<\/span><strong>\u201eTrennungsschmerz \u2013 Loslassen und Neubeginn\u201c<\/strong>:<\/h2>\n<p><span>\u2013 Meditationen<br \/>\u2013 intenSati (Bewegung mit Affirmationen)<br \/>\u2013 HeartMath\u00ae Stressreduktion<br \/>\u2013 Arbeit mit dem inneren Kind<\/span><\/p>\n<p><span style=\"color: #333333;font-size: 22px\">Ablauf:<\/span><\/p>\n<p><span><\/span><\/p>\n<p><strong>Donnerstag<\/strong><\/p>\n<p>Eintreffen und Ankommen um 17:00 zum gemeinsamen Abendessen und Kennenlernen bis ca. 21:30<\/p>\n<p><strong>Freitag<\/strong><\/p>\n<p>6:00\u00a0 \u2013 6:30 \u2013 den neuen Tag begr\u00fc\u00dfen mit einer Morgenmeditation (optional f\u00fcr die \u201efr\u00fchen V\u00f6gel) \u2013 bei gutem Wetter in der Natur<\/p>\n<p>7:00 \u2013 \u00a0 7:30 \u00a0&#8211; \u00a0 intenSati \u2013 die ultimative Mischung aus physischer und psychischer Fitness<\/p>\n<p>8:30 \u2013 \u00a0 9:30 &#8211; \u00a0 \u00a0Fr\u00fchst\u00fcck<\/p>\n<p>10:00 \u2013 13:00 \u2013 Einstieg in das Thema Herzschmerz und Scherbenhaufen<\/p>\n<p>13:00 \u2013 14:00 \u2013 leichtes Mittagessen<\/p>\n<p>14:00 \u2013 15:00 \u2013 freie Zeit f\u00fcr Einkehr und Ruhe f\u00fcr sich (optional ist in dieser Zeit auch eine gestalttherapeutisches Einzelgespr\u00e4ch m\u00f6glich)<\/p>\n<p>15:00 \u2013 18:00 \u2013 Reflektion und Eigenverantwortung<\/p>\n<p>18:00 \u2013 19:00 \u2013 Abendessen<\/p>\n<p>19:30 \u2013 20:00 \u2013 Abendmeditation<\/p>\n<p><strong>Samstag<\/strong><\/p>\n<p>6:00\u00a0 \u2013 6:30 \u2013 den neuen Tag begr\u00fc\u00dfen mit einer Morgenmeditation (optional f\u00fcr die \u201efr\u00fchen V\u00f6gel) \u2013 bei gutem Wetter in der Natur<\/p>\n<p>7:00 \u2013 7:30 &#8211; \u00a0 \u00a0intenSati \u2013 die ultimative Mischung aus physischer und psychischer Fitness<\/p>\n<p>8:30 \u2013 9:30 &#8211; \u00a0 Fr\u00fchst\u00fcck<\/p>\n<p>10:00 \u2013 13:00 \u2013 Arbeit mit dem inneren Kind<\/p>\n<p>13:00 \u2013 14:00 \u2013 leichtes Mittagessen<\/p>\n<p>14:00 \u2013 15:00 \u2013 Herzkoh\u00e4renz \u2013 Stressreduktion<\/p>\n<p>15:30 \u2013 18:00 \u2013 alte Glaubensmuster und Glaubenss\u00e4tze<\/p>\n<p>18:00 \u2013 19:00 \u2013 Abendessen<\/p>\n<p>19:30 \u2013 20:00 \u2013 Abendmeditation<\/p>\n<p>20:00 \u2013 21:30 \u2013 offene Runde<\/p>\n<p><strong>Sonntag<\/strong><\/p>\n<p>6:00 \u2013 6:30 \u2013 den neuen Tag begr\u00fc\u00dfen mit einer Morgenmeditation (optional f\u00fcr die \u201efr\u00fchen V\u00f6gel) \u2013 bei gutem Wetter in der Natur<\/p>\n<p>7:00 \u2013 7:30 &#8211; \u00a0intenSati \u2013 die ultimative Mischung aus physischer und psychischer Fitness<\/p>\n<p>8:30 \u2013 9:30 Fr\u00fchst\u00fcck<\/p>\n<p>10:00 \u2013 13:00 \u2013 neues Mindset<\/p>\n<p>13:00 \u2013 14:00 leichtes Mittagessen<\/p>\n<p>14:00 \u2013 ca. 15:00 \u2013 Abschlussrunde<\/p>\n<p><strong>Wissenswertes:<\/strong><\/p>\n<p>Dieser Retreat ist, wie der Name schon verr\u00e4t, eine Einkehr zu sich selbst, ein R\u00fcckzug nach innen und wird in der Abgeschiedenheit der Natur stattfinden und mit einer maximalen Teilnehmerinnenzahl von 11 Personen (mit mir 12). Du ben\u00f6tigst also wenig Gep\u00e4ck. Das kleine Schwarze darf zuhause bleiben. Lieber lockere, bequeme Kleidung und Sportsachen mitbringen f\u00fcr intenSati oder Spazierg\u00e4nge in der Natur. Solltest du glauben, ohne Handy und Laptop nicht leben k\u00f6nnen, so bitte ich, diese Ger\u00e4te zumindest w\u00e4hrend des Seminares ausgeschaltet zu lassen.<\/p>\n<p>Der Ort \u00a0der Veranstaltung wird noch bekanntgegeben.\u00a0<\/p>\n<p><strong>Du hast Interesse an diesem Retreat?<\/strong><span>\u00a0<\/span>Dann schreibe mir gerne eine Mail an<span>\u00a0<\/span><a href=\"mailto:info@intensati.de\">info@intensati.de<\/a><span>\u00a0<\/span>und ich gebe dir Bescheid, sobald der genaue Termin und der Veranstaltungsort bekannt ist.<\/p>\n<\/div>\n<\/div>\n<p>[\/et_pb_text][\/et_pb_column][\/et_pb_row][\/et_pb_section]<\/p>\n","protected":false},"excerpt":{"rendered":"<p>Mein heutiger Aufruf richtet sich an alle Frauen, die nach einer Trennung oder einem Verlust das Gef\u00fchl haben, ihre Welt bricht gerade auseinander.<br \/>\nMein Aufruf richtet sich auch an diejenigen Frauen, die sich arrangiert haben in einer Beziehung, in der sie nicht mehr gl\u00fccklich sind, sich trennen m\u00f6chten, sich jedoch nicht trauen \u2013 aus Angst vor den Konsequenzen finanziell, gesellschaftlich oder emotional.<br \/>\nLast but not least richtet sich mein Aufruf an alle Frauen, die in alten Glaubensmustern festh\u00e4ngen, die mehr f\u00fcr ihr Selbstwert tun m\u00f6chten, und die ihre innere K\u00f6nigin zum Leben erwecken m\u00f6chten!<br \/>\nGenau f\u00fcr diese Frauen habe ich ein Retreat entwickelt, wo du dein Gesicht wieder der Sonne zuwenden kannst und die Schatten hinter dir l\u00e4sst, die K\u00f6nigin in dir entdeckst und gest\u00e4rkt aus deiner Krise hervorgehen kannst\u2026<\/p>\n","protected":false},"author":3,"featured_media":1038,"comment_status":"closed","ping_status":"closed","sticky":false,"template":"","format":"standard","meta":{"_et_pb_use_builder":"on","_et_pb_old_content":"","_et_gb_content_width":"2880","inline_featured_image":false},"categories":[4],"tags":[],"_links":{"self":[{"href":"https:\/\/naturalcare.de\/de\/wp-json\/wp\/v2\/posts\/1033"}],"collection":[{"href":"https:\/\/naturalcare.de\/de\/wp-json\/wp\/v2\/posts"}],"about":[{"href":"https:\/\/naturalcare.de\/de\/wp-json\/wp\/v2\/types\/post"}],"author":[{"embeddable":true,"href":"https:\/\/naturalcare.de\/de\/wp-json\/wp\/v2\/users\/3"}],"replies":[{"embeddable":true,"href":"https:\/\/naturalcare.de\/de\/wp-json\/wp\/v2\/comments?post=1033"}],"version-history":[{"count":4,"href":"https:\/\/naturalcare.de\/de\/wp-json\/wp\/v2\/posts\/1033\/revisions"}],"predecessor-version":[{"id":1063,"href":"https:\/\/naturalcare.de\/de\/wp-json\/wp\/v2\/posts\/1033\/revisions\/1063"}],"wp:featuredmedia":[{"embeddable":true,"href":"https:\/\/naturalcare.de\/de\/wp-json\/wp\/v2\/media\/1038"}],"wp:attachment":[{"href":"https:\/\/naturalcare.de\/de\/wp-json\/wp\/v2\/media?parent=1033"}],"wp:term":[{"taxonomy":"category","embeddable":true,"href":"https:\/\/naturalcare.de\/de\/wp-json\/wp\/v2\/categories?post=1033"},{"taxonomy":"post_tag","embeddable":true,"href":"https:\/\/naturalcare.de\/de\/wp-json\/wp\/v2\/tags?post=1033"}],"curies":[{"name":"wp","href":"https:\/\/api.w.org\/{rel}","templated":true}]}}